{"id":522,"date":"2023-12-21T15:21:22","date_gmt":"2023-12-21T18:21:22","guid":{"rendered":"http:\/\/ciudadanialegal.cl\/?p=522"},"modified":"2023-12-29T09:01:28","modified_gmt":"2023-12-29T12:01:28","slug":"noticia-3","status":"publish","type":"post","link":"https:\/\/ciudadanialegal.cl\/?p=522","title":{"rendered":"La Corte de Apelaciones de Santiago confirm\u00f3 el fallo del Segundo Juzgado de Letras del Trabajo Santiago"},"content":{"rendered":"<p>La Corte de Apelaciones de Santiago confirm\u00f3 el fallo del Segundo Juzgado de Letras del Trabajo Santiago, el que conden\u00f3 al Estado a pagar una cifra superior a los $33 millones de indemnizaci\u00f3n a Gabriella De Angellis, exfuncionaria del Ministerio de Vivienda y Urbanismo (Minvu).<\/p>\n<p>Mar\u00eda Victoria Le\u00f3n, abogada defensora de la arquitecta fue consultada por el diario\u00a0<a href=\"https:\/\/www.latercera.com\/la-tercera-pm\/noticia\/fue-victima-de-acoso-y-hostigamiento-justicia-condena-al-fisco-a-pagar-millonaria-indemnizacion-por-funcionaria-desvinculada-del-minvu-en-2021\/YGBNBF62GFBBLLSRHIRECZ2OOM\/\">La Tercera<\/a>, donde explic\u00f3 la importancia del fallo, la expertiz de la profesional y el mal trato recibido. \u201cChile se est\u00e1 perdiendo una excelente profesional para trabajar para el Estado. Gabriella se fue del pa\u00eds y hoy est\u00e1 trabajando en Washington DC, en el Banco Interamericano de Desarrollo. Nos encontramos con casos como lo ocurrido con los edificios de Conc\u00f3n por no contar con profesionales id\u00f3neos y de experiencia. Tuvimos la oportunidad de contar con alguien de renombre internacional, y la perdimos\u00bb.<\/p>\n","protected":false},"excerpt":{"rendered":"<p>La Corte de Apelaciones de Santiago confirm\u00f3 el fallo del Segundo Juzgado de Letras del Trabajo Santiago, el que conden\u00f3 al Estado a pagar una cifra superior a los $33 millones de indemnizaci\u00f3n a Gabriella De Angellis, exfuncionaria del Ministerio de Vivienda y Urbanismo (Minvu). Mar\u00eda Victoria Le\u00f3n, abogada defensora de la arquitecta fue consultada [&hellip;]<\/p>\n","protected":false},"author":3,"featured_media":591,"comment_status":"closed","ping_status":"closed","sticky":false,"template":"","format":"standard","meta":{"_et_pb_use_builder":"","_et_pb_old_content":"","_et_gb_content_width":"","footnotes":""},"categories":[15],"tags":[],"class_list":["post-522","post","type-post","status-publish","format-standard","has-post-thumbnail","hentry","category-noticias"],"_links":{"self":[{"href":"https:\/\/ciudadanialegal.cl\/index.php?rest_route=\/wp\/v2\/posts\/522","targetHints":{"allow":["GET"]}}],"collection":[{"href":"https:\/\/ciudadanialegal.cl\/index.php?rest_route=\/wp\/v2\/posts"}],"about":[{"href":"https:\/\/ciudadanialegal.cl\/index.php?rest_route=\/wp\/v2\/types\/post"}],"author":[{"embeddable":true,"href":"https:\/\/ciudadanialegal.cl\/index.php?rest_route=\/wp\/v2\/users\/3"}],"replies":[{"embeddable":true,"href":"https:\/\/ciudadanialegal.cl\/index.php?rest_route=%2Fwp%2Fv2%2Fcomments&post=522"}],"version-history":[{"count":2,"href":"https:\/\/ciudadanialegal.cl\/index.php?rest_route=\/wp\/v2\/posts\/522\/revisions"}],"predecessor-version":[{"id":552,"href":"https:\/\/ciudadanialegal.cl\/index.php?rest_route=\/wp\/v2\/posts\/522\/revisions\/552"}],"wp:featuredmedia":[{"embeddable":true,"href":"https:\/\/ciudadanialegal.cl\/index.php?rest_route=\/wp\/v2\/media\/591"}],"wp:attachment":[{"href":"https:\/\/ciudadanialegal.cl\/index.php?rest_route=%2Fwp%2Fv2%2Fmedia&parent=522"}],"wp:term":[{"taxonomy":"category","embeddable":true,"href":"https:\/\/ciudadanialegal.cl\/index.php?rest_route=%2Fwp%2Fv2%2Fcategories&post=522"},{"taxonomy":"post_tag","embeddable":true,"href":"https:\/\/ciudadanialegal.cl\/index.php?rest_route=%2Fwp%2Fv2%2Ftags&post=522"}],"curies":[{"name":"wp","href":"https:\/\/api.w.org\/{rel}","templated":true}]}}