{"id":553,"date":"2023-12-26T10:01:53","date_gmt":"2023-12-26T13:01:53","guid":{"rendered":"http:\/\/ciudadanialegal.cl\/?p=553"},"modified":"2023-12-29T09:00:51","modified_gmt":"2023-12-29T12:00:51","slug":"christian-chait-fue-entrevistado-en-radio-futuro-respecto-del-caso-de-eventual-uso-de-informacion-privilegiada-por-parte-del-exceo-de-cencosud","status":"publish","type":"post","link":"https:\/\/ciudadanialegal.cl\/?p=553","title":{"rendered":"Christian Chait\u00a0fue entrevistado en radio Futuro respecto del caso de eventual uso de informaci\u00f3n privilegiada por parte del exCEO de Cencosud"},"content":{"rendered":"<p>Nuestro socio\u00a0Christian Chait Mujica\u00a0fue entrevistado en radio Futuro respecto del caso de eventual uso de informaci\u00f3n privilegiada por parte del exCEO de Cencosud, Mat\u00edas Videla. Explic\u00f3 que exist\u00eda un c\u00f3digo de \u00e9tica firmado por el propio Videla, con especificaciones sobre el uso de la informaci\u00f3n privilegiada y un manual entregado a la CMF\u00a0que se\u00f1ala que \u00abcuando un ejecutivo realiza alguna transacci\u00f3n que consista en uso de informaci\u00f3n privilegiada, debe tener una multa a favor de Cencosud equivalente al 100% de la transacci\u00f3n\u00bb, entre otras sanciones.<\/p>\n","protected":false},"excerpt":{"rendered":"<p>Nuestro socio\u00a0Christian Chait Mujica\u00a0fue entrevistado en radio Futuro respecto del caso de eventual uso de informaci\u00f3n privilegiada por parte del exCEO de Cencosud, Mat\u00edas Videla. Explic\u00f3 que exist\u00eda un c\u00f3digo de \u00e9tica firmado por el propio Videla, con especificaciones sobre el uso de la informaci\u00f3n privilegiada y un manual entregado a la CMF\u00a0que se\u00f1ala que [&hellip;]<\/p>\n","protected":false},"author":3,"featured_media":590,"comment_status":"closed","ping_status":"closed","sticky":false,"template":"","format":"standard","meta":{"_et_pb_use_builder":"","_et_pb_old_content":"","_et_gb_content_width":"","footnotes":""},"categories":[15],"tags":[],"class_list":["post-553","post","type-post","status-publish","format-standard","has-post-thumbnail","hentry","category-noticias"],"_links":{"self":[{"href":"https:\/\/ciudadanialegal.cl\/index.php?rest_route=\/wp\/v2\/posts\/553","targetHints":{"allow":["GET"]}}],"collection":[{"href":"https:\/\/ciudadanialegal.cl\/index.php?rest_route=\/wp\/v2\/posts"}],"about":[{"href":"https:\/\/ciudadanialegal.cl\/index.php?rest_route=\/wp\/v2\/types\/post"}],"author":[{"embeddable":true,"href":"https:\/\/ciudadanialegal.cl\/index.php?rest_route=\/wp\/v2\/users\/3"}],"replies":[{"embeddable":true,"href":"https:\/\/ciudadanialegal.cl\/index.php?rest_route=%2Fwp%2Fv2%2Fcomments&post=553"}],"version-history":[{"count":1,"href":"https:\/\/ciudadanialegal.cl\/index.php?rest_route=\/wp\/v2\/posts\/553\/revisions"}],"predecessor-version":[{"id":554,"href":"https:\/\/ciudadanialegal.cl\/index.php?rest_route=\/wp\/v2\/posts\/553\/revisions\/554"}],"wp:featuredmedia":[{"embeddable":true,"href":"https:\/\/ciudadanialegal.cl\/index.php?rest_route=\/wp\/v2\/media\/590"}],"wp:attachment":[{"href":"https:\/\/ciudadanialegal.cl\/index.php?rest_route=%2Fwp%2Fv2%2Fmedia&parent=553"}],"wp:term":[{"taxonomy":"category","embeddable":true,"href":"https:\/\/ciudadanialegal.cl\/index.php?rest_route=%2Fwp%2Fv2%2Fcategories&post=553"},{"taxonomy":"post_tag","embeddable":true,"href":"https:\/\/ciudadanialegal.cl\/index.php?rest_route=%2Fwp%2Fv2%2Ftags&post=553"}],"curies":[{"name":"wp","href":"https:\/\/api.w.org\/{rel}","templated":true}]}}