{"id":555,"date":"2023-12-26T10:04:07","date_gmt":"2023-12-26T13:04:07","guid":{"rendered":"http:\/\/ciudadanialegal.cl\/?p=555"},"modified":"2023-12-29T09:00:00","modified_gmt":"2023-12-29T12:00:00","slug":"columna-el-derecho-a-huelga-en-la-nueva-propuesta-constitucional-y-sus-efectos-en-trabajadores-del-sector-privado-y-funcionarios-publicos","status":"publish","type":"post","link":"https:\/\/ciudadanialegal.cl\/?p=555","title":{"rendered":"Columna: \u00abEl derecho a huelga en la nueva propuesta constitucional y sus efectos en trabajadores del sector privado y funcionarios p\u00fablicos\u00bb"},"content":{"rendered":"<p>Te invitamos a leer la columna \u00abEl derecho a huelga en la nueva propuesta constitucional y sus efectos en trabajadores del sector privado y funcionarios p\u00fablicos\u00bb, de nuestra abogada asociada\u00a0Mar\u00eda Victoria Le\u00f3n Alarc\u00f3n\u00a0en\u00a0<a href=\"https:\/\/estadodiario.com\/columnas\/el-derecho-a-huelga-en-la-nueva-propuesta-constitucional-y-sus-efectos-en-trabajadores-del-sector-privado-y-funcionarios-publicos\/\">EstadoDiario<\/a>. En esta se profundiza una cr\u00edtica a la propuesta que ser\u00e1 votada el pr\u00f3ximo 17 de diciembre. \u00abEsta redacci\u00f3n resulta bastante restrictiva e incluso algunos estiman que representa un retroceso a la situaci\u00f3n actual en la que se encuentran los trabajadores en nuestro pa\u00eds\u00bb, se\u00f1ala Le\u00f3n.<\/p>\n","protected":false},"excerpt":{"rendered":"<p>Te invitamos a leer la columna \u00abEl derecho a huelga en la nueva propuesta constitucional y sus efectos en trabajadores del sector privado y funcionarios p\u00fablicos\u00bb, de nuestra abogada asociada\u00a0Mar\u00eda Victoria Le\u00f3n Alarc\u00f3n\u00a0en\u00a0EstadoDiario. En esta se profundiza una cr\u00edtica a la propuesta que ser\u00e1 votada el pr\u00f3ximo 17 de diciembre. \u00abEsta redacci\u00f3n resulta bastante restrictiva [&hellip;]<\/p>\n","protected":false},"author":3,"featured_media":589,"comment_status":"closed","ping_status":"closed","sticky":false,"template":"","format":"standard","meta":{"_et_pb_use_builder":"off","_et_pb_old_content":"","_et_gb_content_width":"","footnotes":""},"categories":[15],"tags":[],"class_list":["post-555","post","type-post","status-publish","format-standard","has-post-thumbnail","hentry","category-noticias"],"_links":{"self":[{"href":"https:\/\/ciudadanialegal.cl\/index.php?rest_route=\/wp\/v2\/posts\/555","targetHints":{"allow":["GET"]}}],"collection":[{"href":"https:\/\/ciudadanialegal.cl\/index.php?rest_route=\/wp\/v2\/posts"}],"about":[{"href":"https:\/\/ciudadanialegal.cl\/index.php?rest_route=\/wp\/v2\/types\/post"}],"author":[{"embeddable":true,"href":"https:\/\/ciudadanialegal.cl\/index.php?rest_route=\/wp\/v2\/users\/3"}],"replies":[{"embeddable":true,"href":"https:\/\/ciudadanialegal.cl\/index.php?rest_route=%2Fwp%2Fv2%2Fcomments&post=555"}],"version-history":[{"count":3,"href":"https:\/\/ciudadanialegal.cl\/index.php?rest_route=\/wp\/v2\/posts\/555\/revisions"}],"predecessor-version":[{"id":578,"href":"https:\/\/ciudadanialegal.cl\/index.php?rest_route=\/wp\/v2\/posts\/555\/revisions\/578"}],"wp:featuredmedia":[{"embeddable":true,"href":"https:\/\/ciudadanialegal.cl\/index.php?rest_route=\/wp\/v2\/media\/589"}],"wp:attachment":[{"href":"https:\/\/ciudadanialegal.cl\/index.php?rest_route=%2Fwp%2Fv2%2Fmedia&parent=555"}],"wp:term":[{"taxonomy":"category","embeddable":true,"href":"https:\/\/ciudadanialegal.cl\/index.php?rest_route=%2Fwp%2Fv2%2Fcategories&post=555"},{"taxonomy":"post_tag","embeddable":true,"href":"https:\/\/ciudadanialegal.cl\/index.php?rest_route=%2Fwp%2Fv2%2Ftags&post=555"}],"curies":[{"name":"wp","href":"https:\/\/api.w.org\/{rel}","templated":true}]}}