{"id":557,"date":"2023-12-26T10:05:58","date_gmt":"2023-12-26T13:05:58","guid":{"rendered":"http:\/\/ciudadanialegal.cl\/?p=557"},"modified":"2023-12-29T08:59:21","modified_gmt":"2023-12-29T11:59:21","slug":"columna-perspectiva-laboral-de-la-licitud-de-las-grabaciones-puede-un-trabajador-registrar-las-conversaciones-con-su-empleador","status":"publish","type":"post","link":"https:\/\/ciudadanialegal.cl\/?p=557","title":{"rendered":"Columna: \u00abPerspectiva laboral de la licitud de las grabaciones: \u00bfpuede un trabajador registrar las conversaciones con su empleador?\u00bb"},"content":{"rendered":"<p>Te invitamos a leer la columna \u00abPerspectiva laboral de la licitud de las grabaciones: \u00bfpuede un trabajador registrar las conversaciones con su empleador? de nuestra abogada asociada\u00a0Yasna Maldonado Navarro, publicada en el <a href=\"https:\/\/mcusercontent.com\/d2423d998b87363e0ac28a1b4\/files\/c5f803b1-4979-8a35-e562-7ff3b9f0113b\/Perspectiva_laboral_de_la_licitud_de_las_grabaciones__puede_un_trabajador_registrar_las_conversaciones_con_su_empleador__organized_1_.pdf\">Mercurio Legal<\/a> en la que explica la licitud o ilicitud de audios como medios de prueba en juicios laborales y su posible vulneraci\u00f3n a garant\u00edas fundamentales, con ejemplos claros de utilizaci\u00f3n de esta prueba. Dado el conocimiento emp\u00edrico de las pruebas, indic\u00f3: \u00abDeben contrastarse las expresiones vertidas, ya que si estas son realizadas por un representante o agente de la empresa en el ejercicio de sus facultades disciplinarias o simplemente dentro del \u00e1mbito laboral, se entiende que no forman parte de su vida personal o privada, procediendo a declararse l\u00edcita como medio de prueba\u00bb.<\/p>\n","protected":false},"excerpt":{"rendered":"<p>Te invitamos a leer la columna \u00abPerspectiva laboral de la licitud de las grabaciones: \u00bfpuede un trabajador registrar las conversaciones con su empleador? de nuestra abogada asociada\u00a0Yasna Maldonado Navarro, publicada en el Mercurio Legal en la que explica la licitud o ilicitud de audios como medios de prueba en juicios laborales y su posible vulneraci\u00f3n [&hellip;]<\/p>\n","protected":false},"author":3,"featured_media":588,"comment_status":"closed","ping_status":"closed","sticky":false,"template":"","format":"standard","meta":{"_et_pb_use_builder":"","_et_pb_old_content":"","_et_gb_content_width":"","footnotes":""},"categories":[15],"tags":[],"class_list":["post-557","post","type-post","status-publish","format-standard","has-post-thumbnail","hentry","category-noticias"],"_links":{"self":[{"href":"https:\/\/ciudadanialegal.cl\/index.php?rest_route=\/wp\/v2\/posts\/557","targetHints":{"allow":["GET"]}}],"collection":[{"href":"https:\/\/ciudadanialegal.cl\/index.php?rest_route=\/wp\/v2\/posts"}],"about":[{"href":"https:\/\/ciudadanialegal.cl\/index.php?rest_route=\/wp\/v2\/types\/post"}],"author":[{"embeddable":true,"href":"https:\/\/ciudadanialegal.cl\/index.php?rest_route=\/wp\/v2\/users\/3"}],"replies":[{"embeddable":true,"href":"https:\/\/ciudadanialegal.cl\/index.php?rest_route=%2Fwp%2Fv2%2Fcomments&post=557"}],"version-history":[{"count":1,"href":"https:\/\/ciudadanialegal.cl\/index.php?rest_route=\/wp\/v2\/posts\/557\/revisions"}],"predecessor-version":[{"id":558,"href":"https:\/\/ciudadanialegal.cl\/index.php?rest_route=\/wp\/v2\/posts\/557\/revisions\/558"}],"wp:featuredmedia":[{"embeddable":true,"href":"https:\/\/ciudadanialegal.cl\/index.php?rest_route=\/wp\/v2\/media\/588"}],"wp:attachment":[{"href":"https:\/\/ciudadanialegal.cl\/index.php?rest_route=%2Fwp%2Fv2%2Fmedia&parent=557"}],"wp:term":[{"taxonomy":"category","embeddable":true,"href":"https:\/\/ciudadanialegal.cl\/index.php?rest_route=%2Fwp%2Fv2%2Fcategories&post=557"},{"taxonomy":"post_tag","embeddable":true,"href":"https:\/\/ciudadanialegal.cl\/index.php?rest_route=%2Fwp%2Fv2%2Ftags&post=557"}],"curies":[{"name":"wp","href":"https:\/\/api.w.org\/{rel}","templated":true}]}}