{"id":581,"date":"2023-12-27T16:44:11","date_gmt":"2023-12-27T19:44:11","guid":{"rendered":"http:\/\/ciudadanialegal.cl\/?p=581"},"modified":"2023-12-29T08:57:52","modified_gmt":"2023-12-29T11:57:52","slug":"entre-2020-y-2023-se-han-presentado-74-demandas-exigiendo-que-el-covid-sea-declarado-como-una-enfermedad-laboral","status":"publish","type":"post","link":"https:\/\/ciudadanialegal.cl\/?p=581","title":{"rendered":"Entre 2020 y 2023 se han presentado 74 demandas exigiendo que el Covid sea declarado como una enfermedad laboral"},"content":{"rendered":"<p>Tras informaci\u00f3n levantada por nuestro jur\u00eddico y publicada este domingo en el <a href=\"https:\/\/dfmas.cl\/df-mas\/coffee-break\/covid-una-enfermedad-laboral-autoridad-acoge-reclamo-y-trabajador\">Diario Financiero<\/a>, entre 2020 y 2023 se han presentado 74 demandas exigiendo que el Covid sea declarado como una enfermedad laboral. Del total de presentaciones, cinco las han realizado trabajadores vivos que quedaron con importantes secuelas, y las otras 69 han sido familiares de personas que fallecieron por la enfermedad.<\/p>\n<p>Al respecto, nuestra abogada asociada\u00a0Carolina Aldunate Le\u00f3n, que lleva la defensa de v\u00edctimas afectadas, se\u00f1al\u00f3: \u00abHay casos evidentes en que la trazabilidad establece que el contagio fue en lugar y horario de trabajo\u00bb.<\/p>\n","protected":false},"excerpt":{"rendered":"<p>Tras informaci\u00f3n levantada por nuestro jur\u00eddico y publicada este domingo en el Diario Financiero, entre 2020 y 2023 se han presentado 74 demandas exigiendo que el Covid sea declarado como una enfermedad laboral. Del total de presentaciones, cinco las han realizado trabajadores vivos que quedaron con importantes secuelas, y las otras 69 han sido familiares [&hellip;]<\/p>\n","protected":false},"author":3,"featured_media":587,"comment_status":"closed","ping_status":"closed","sticky":false,"template":"","format":"standard","meta":{"_et_pb_use_builder":"","_et_pb_old_content":"","_et_gb_content_width":"","footnotes":""},"categories":[15],"tags":[],"class_list":["post-581","post","type-post","status-publish","format-standard","has-post-thumbnail","hentry","category-noticias"],"_links":{"self":[{"href":"https:\/\/ciudadanialegal.cl\/index.php?rest_route=\/wp\/v2\/posts\/581","targetHints":{"allow":["GET"]}}],"collection":[{"href":"https:\/\/ciudadanialegal.cl\/index.php?rest_route=\/wp\/v2\/posts"}],"about":[{"href":"https:\/\/ciudadanialegal.cl\/index.php?rest_route=\/wp\/v2\/types\/post"}],"author":[{"embeddable":true,"href":"https:\/\/ciudadanialegal.cl\/index.php?rest_route=\/wp\/v2\/users\/3"}],"replies":[{"embeddable":true,"href":"https:\/\/ciudadanialegal.cl\/index.php?rest_route=%2Fwp%2Fv2%2Fcomments&post=581"}],"version-history":[{"count":5,"href":"https:\/\/ciudadanialegal.cl\/index.php?rest_route=\/wp\/v2\/posts\/581\/revisions"}],"predecessor-version":[{"id":633,"href":"https:\/\/ciudadanialegal.cl\/index.php?rest_route=\/wp\/v2\/posts\/581\/revisions\/633"}],"wp:featuredmedia":[{"embeddable":true,"href":"https:\/\/ciudadanialegal.cl\/index.php?rest_route=\/wp\/v2\/media\/587"}],"wp:attachment":[{"href":"https:\/\/ciudadanialegal.cl\/index.php?rest_route=%2Fwp%2Fv2%2Fmedia&parent=581"}],"wp:term":[{"taxonomy":"category","embeddable":true,"href":"https:\/\/ciudadanialegal.cl\/index.php?rest_route=%2Fwp%2Fv2%2Fcategories&post=581"},{"taxonomy":"post_tag","embeddable":true,"href":"https:\/\/ciudadanialegal.cl\/index.php?rest_route=%2Fwp%2Fv2%2Ftags&post=581"}],"curies":[{"name":"wp","href":"https:\/\/api.w.org\/{rel}","templated":true}]}}