{"id":643,"date":"2024-01-03T10:41:28","date_gmt":"2024-01-03T13:41:28","guid":{"rendered":"http:\/\/ciudadanialegal.cl\/?p=643"},"modified":"2024-01-03T10:41:28","modified_gmt":"2024-01-03T13:41:28","slug":"carta-al-director-ley-karin-un-poco-tarde-pero-necesaria","status":"publish","type":"post","link":"https:\/\/ciudadanialegal.cl\/?p=643","title":{"rendered":"Carta al director: &#8216;Ley Karin&#8217;, un poco tarde, pero necesaria"},"content":{"rendered":"<p>La Ley Karin, aprobada por el Congreso, establecer\u00e1 una modificaci\u00f3n al C\u00f3digo del Trabajo en varios conceptos, entre ellos la dignidad en el \u00e1mbito laboral, incorporando la perspectiva de g\u00e9nero, violencia en el trabajo y se modifica el acoso laboral, para incluir actos constitutivos de acoso que pueden ocurrir de manera \u00fanica o repetida. Al respecto, en una carta al director publicada en Diario\u00a0La Tercera, nuestra abogado asociada\u00a0Yasna Maldonado Navarro\u00a0se\u00f1ala la importancia de la legislaci\u00f3n: \u00abEste nuevo proyecto de ley busca establecer relaciones laborales libres de violencia, compatibles con la dignidad de la persona y con perspectiva de g\u00e9nero, lo que implicar\u00e1 la adopci\u00f3n de medidas tendientes a promover la igualdad y erradicar la discriminaci\u00f3n de g\u00e9nero\u00bb.<\/p>\n","protected":false},"excerpt":{"rendered":"<p>La Ley Karin, aprobada por el Congreso, establecer\u00e1 una modificaci\u00f3n al C\u00f3digo del Trabajo en varios conceptos, entre ellos la dignidad en el \u00e1mbito laboral, incorporando la perspectiva de g\u00e9nero, violencia en el trabajo y se modifica el acoso laboral, para incluir actos constitutivos de acoso que pueden ocurrir de manera \u00fanica o repetida. Al [&hellip;]<\/p>\n","protected":false},"author":3,"featured_media":644,"comment_status":"closed","ping_status":"closed","sticky":false,"template":"","format":"standard","meta":{"_et_pb_use_builder":"","_et_pb_old_content":"","_et_gb_content_width":"","footnotes":""},"categories":[15],"tags":[],"class_list":["post-643","post","type-post","status-publish","format-standard","has-post-thumbnail","hentry","category-noticias"],"_links":{"self":[{"href":"https:\/\/ciudadanialegal.cl\/index.php?rest_route=\/wp\/v2\/posts\/643","targetHints":{"allow":["GET"]}}],"collection":[{"href":"https:\/\/ciudadanialegal.cl\/index.php?rest_route=\/wp\/v2\/posts"}],"about":[{"href":"https:\/\/ciudadanialegal.cl\/index.php?rest_route=\/wp\/v2\/types\/post"}],"author":[{"embeddable":true,"href":"https:\/\/ciudadanialegal.cl\/index.php?rest_route=\/wp\/v2\/users\/3"}],"replies":[{"embeddable":true,"href":"https:\/\/ciudadanialegal.cl\/index.php?rest_route=%2Fwp%2Fv2%2Fcomments&post=643"}],"version-history":[{"count":1,"href":"https:\/\/ciudadanialegal.cl\/index.php?rest_route=\/wp\/v2\/posts\/643\/revisions"}],"predecessor-version":[{"id":645,"href":"https:\/\/ciudadanialegal.cl\/index.php?rest_route=\/wp\/v2\/posts\/643\/revisions\/645"}],"wp:featuredmedia":[{"embeddable":true,"href":"https:\/\/ciudadanialegal.cl\/index.php?rest_route=\/wp\/v2\/media\/644"}],"wp:attachment":[{"href":"https:\/\/ciudadanialegal.cl\/index.php?rest_route=%2Fwp%2Fv2%2Fmedia&parent=643"}],"wp:term":[{"taxonomy":"category","embeddable":true,"href":"https:\/\/ciudadanialegal.cl\/index.php?rest_route=%2Fwp%2Fv2%2Fcategories&post=643"},{"taxonomy":"post_tag","embeddable":true,"href":"https:\/\/ciudadanialegal.cl\/index.php?rest_route=%2Fwp%2Fv2%2Ftags&post=643"}],"curies":[{"name":"wp","href":"https:\/\/api.w.org\/{rel}","templated":true}]}}