{"id":649,"date":"2024-01-05T18:40:02","date_gmt":"2024-01-05T21:40:02","guid":{"rendered":"http:\/\/ciudadanialegal.cl\/?p=649"},"modified":"2024-01-05T18:40:02","modified_gmt":"2024-01-05T21:40:02","slug":"carta-al-director-indemnizacion-por-anos-de-servicios","status":"publish","type":"post","link":"https:\/\/ciudadanialegal.cl\/?p=649","title":{"rendered":"Carta al director: \u00abIndemnizaci\u00f3n por a\u00f1os de servicios\u00bb"},"content":{"rendered":"<p>En una carta al director publicada en el\u00a0Diario Financiero, nuestra abogada\u00a0Mar\u00eda Victoria Le\u00f3n\u00a0se\u00f1ala que no es una buena medida realizar ajustes a la indemnizaci\u00f3n por a\u00f1os de servicio, pues en la pr\u00e1ctica no trae ning\u00fan beneficio para la econom\u00eda: \u00abEn un sistema econ\u00f3mico en el cual la fuerza laboral es predominantemente joven, que en general renuncia a sus trabajos, con trabajadores que tienen un ingreso mediano cercano a los $ 500 mil, no resultar\u00eda razonable estimar que la disminuci\u00f3n de la indemnizaci\u00f3n por a\u00f1os de servicios sea una herramienta eficaz para activar el mercado laboral\u00bb.<\/p>\n","protected":false},"excerpt":{"rendered":"<p>En una carta al director publicada en el\u00a0Diario Financiero, nuestra abogada\u00a0Mar\u00eda Victoria Le\u00f3n\u00a0se\u00f1ala que no es una buena medida realizar ajustes a la indemnizaci\u00f3n por a\u00f1os de servicio, pues en la pr\u00e1ctica no trae ning\u00fan beneficio para la econom\u00eda: \u00abEn un sistema econ\u00f3mico en el cual la fuerza laboral es predominantemente joven, que en general [&hellip;]<\/p>\n","protected":false},"author":3,"featured_media":650,"comment_status":"closed","ping_status":"closed","sticky":false,"template":"","format":"standard","meta":{"_et_pb_use_builder":"","_et_pb_old_content":"","_et_gb_content_width":"","footnotes":""},"categories":[15],"tags":[],"class_list":["post-649","post","type-post","status-publish","format-standard","has-post-thumbnail","hentry","category-noticias"],"_links":{"self":[{"href":"https:\/\/ciudadanialegal.cl\/index.php?rest_route=\/wp\/v2\/posts\/649","targetHints":{"allow":["GET"]}}],"collection":[{"href":"https:\/\/ciudadanialegal.cl\/index.php?rest_route=\/wp\/v2\/posts"}],"about":[{"href":"https:\/\/ciudadanialegal.cl\/index.php?rest_route=\/wp\/v2\/types\/post"}],"author":[{"embeddable":true,"href":"https:\/\/ciudadanialegal.cl\/index.php?rest_route=\/wp\/v2\/users\/3"}],"replies":[{"embeddable":true,"href":"https:\/\/ciudadanialegal.cl\/index.php?rest_route=%2Fwp%2Fv2%2Fcomments&post=649"}],"version-history":[{"count":1,"href":"https:\/\/ciudadanialegal.cl\/index.php?rest_route=\/wp\/v2\/posts\/649\/revisions"}],"predecessor-version":[{"id":651,"href":"https:\/\/ciudadanialegal.cl\/index.php?rest_route=\/wp\/v2\/posts\/649\/revisions\/651"}],"wp:featuredmedia":[{"embeddable":true,"href":"https:\/\/ciudadanialegal.cl\/index.php?rest_route=\/wp\/v2\/media\/650"}],"wp:attachment":[{"href":"https:\/\/ciudadanialegal.cl\/index.php?rest_route=%2Fwp%2Fv2%2Fmedia&parent=649"}],"wp:term":[{"taxonomy":"category","embeddable":true,"href":"https:\/\/ciudadanialegal.cl\/index.php?rest_route=%2Fwp%2Fv2%2Fcategories&post=649"},{"taxonomy":"post_tag","embeddable":true,"href":"https:\/\/ciudadanialegal.cl\/index.php?rest_route=%2Fwp%2Fv2%2Ftags&post=649"}],"curies":[{"name":"wp","href":"https:\/\/api.w.org\/{rel}","templated":true}]}}