{"id":652,"date":"2024-01-17T08:40:58","date_gmt":"2024-01-17T11:40:58","guid":{"rendered":"http:\/\/ciudadanialegal.cl\/?p=652"},"modified":"2024-01-17T08:40:58","modified_gmt":"2024-01-17T11:40:58","slug":"columna-perspectiva-de-genero-en-el-ambito-laboral","status":"publish","type":"post","link":"https:\/\/ciudadanialegal.cl\/?p=652","title":{"rendered":"Columna: \u00abPerspectiva de g\u00e9nero en el \u00e1mbito laboral\u00bb"},"content":{"rendered":"<p>Los invitamos a leer la columna de opini\u00f3n de nuestra abogada asociada\u00a0Mar\u00eda Victoria Le\u00f3n\u00a0en\u00a0RHManagementDig, en la que aborda un an\u00e1lisis sobre un reciente fallo del pasado 23 de octubre, en el cual se exponen sesgos de g\u00e9nero en el despido de una supervisora. Al respecto, se\u00f1ala que este tipo de sentencias son muy importantes en la actualidad desde la perspectiva de g\u00e9nero. \u00abEstas vulneraciones son miradas desde los g\u00e9neros y sus relaciones de poder, lo cual sumado a leyes como la denominada &#8216;Ley Karin&#8217;, nos permiten ir avanzando a una sociedad en la que se elaboran nuevos contenidos de sociabilizaci\u00f3n y una relaci\u00f3n m\u00e1s justa entre hombres y mujeres en el marco de las relaciones laborales\u00bb, indic\u00f3.<\/p>\n","protected":false},"excerpt":{"rendered":"<p>Los invitamos a leer la columna de opini\u00f3n de nuestra abogada asociada\u00a0Mar\u00eda Victoria Le\u00f3n\u00a0en\u00a0RHManagementDig, en la que aborda un an\u00e1lisis sobre un reciente fallo del pasado 23 de octubre, en el cual se exponen sesgos de g\u00e9nero en el despido de una supervisora. Al respecto, se\u00f1ala que este tipo de sentencias son muy importantes en [&hellip;]<\/p>\n","protected":false},"author":3,"featured_media":653,"comment_status":"closed","ping_status":"closed","sticky":false,"template":"","format":"standard","meta":{"_et_pb_use_builder":"","_et_pb_old_content":"","_et_gb_content_width":"","footnotes":""},"categories":[15],"tags":[],"class_list":["post-652","post","type-post","status-publish","format-standard","has-post-thumbnail","hentry","category-noticias"],"_links":{"self":[{"href":"https:\/\/ciudadanialegal.cl\/index.php?rest_route=\/wp\/v2\/posts\/652","targetHints":{"allow":["GET"]}}],"collection":[{"href":"https:\/\/ciudadanialegal.cl\/index.php?rest_route=\/wp\/v2\/posts"}],"about":[{"href":"https:\/\/ciudadanialegal.cl\/index.php?rest_route=\/wp\/v2\/types\/post"}],"author":[{"embeddable":true,"href":"https:\/\/ciudadanialegal.cl\/index.php?rest_route=\/wp\/v2\/users\/3"}],"replies":[{"embeddable":true,"href":"https:\/\/ciudadanialegal.cl\/index.php?rest_route=%2Fwp%2Fv2%2Fcomments&post=652"}],"version-history":[{"count":1,"href":"https:\/\/ciudadanialegal.cl\/index.php?rest_route=\/wp\/v2\/posts\/652\/revisions"}],"predecessor-version":[{"id":654,"href":"https:\/\/ciudadanialegal.cl\/index.php?rest_route=\/wp\/v2\/posts\/652\/revisions\/654"}],"wp:featuredmedia":[{"embeddable":true,"href":"https:\/\/ciudadanialegal.cl\/index.php?rest_route=\/wp\/v2\/media\/653"}],"wp:attachment":[{"href":"https:\/\/ciudadanialegal.cl\/index.php?rest_route=%2Fwp%2Fv2%2Fmedia&parent=652"}],"wp:term":[{"taxonomy":"category","embeddable":true,"href":"https:\/\/ciudadanialegal.cl\/index.php?rest_route=%2Fwp%2Fv2%2Fcategories&post=652"},{"taxonomy":"post_tag","embeddable":true,"href":"https:\/\/ciudadanialegal.cl\/index.php?rest_route=%2Fwp%2Fv2%2Ftags&post=652"}],"curies":[{"name":"wp","href":"https:\/\/api.w.org\/{rel}","templated":true}]}}