{"id":656,"date":"2024-02-13T17:59:05","date_gmt":"2024-02-13T20:59:05","guid":{"rendered":"http:\/\/ciudadanialegal.cl\/?p=656"},"modified":"2024-02-13T17:59:05","modified_gmt":"2024-02-13T20:59:05","slug":"carta-al-director-cierre-de-tiendas-del-retail","status":"publish","type":"post","link":"https:\/\/ciudadanialegal.cl\/?p=656","title":{"rendered":"Carta al director: \u00abCierre de tiendas del retail\u00bb"},"content":{"rendered":"<p>En una carta al director publicada por radio\u00a0BioBioChile, nuestra abogada\u00a0Yasna Maldonado Navarro\u00a0se\u00f1ala la preocupaci\u00f3n en la fuerza laboral sobre el alto impacto de la automatizaci\u00f3n, el crecimiento de las ventas online y la polifuncionalidad en el retail, lo que ha llevado a la reducci\u00f3n de costos laborales. \u00abUno de los fen\u00f3menos m\u00e1s preocupantes radica en la tercerizaci\u00f3n de servicios presente en el retail, que esconde importantes grados de precarizaci\u00f3n laboral bajo la apariencia de modernizaci\u00f3n empresarial\u00bb.<\/p>\n","protected":false},"excerpt":{"rendered":"<p>En una carta al director publicada por radio\u00a0BioBioChile, nuestra abogada\u00a0Yasna Maldonado Navarro\u00a0se\u00f1ala la preocupaci\u00f3n en la fuerza laboral sobre el alto impacto de la automatizaci\u00f3n, el crecimiento de las ventas online y la polifuncionalidad en el retail, lo que ha llevado a la reducci\u00f3n de costos laborales. \u00abUno de los fen\u00f3menos m\u00e1s preocupantes radica en [&hellip;]<\/p>\n","protected":false},"author":3,"featured_media":657,"comment_status":"closed","ping_status":"closed","sticky":false,"template":"","format":"standard","meta":{"_et_pb_use_builder":"","_et_pb_old_content":"","_et_gb_content_width":"","footnotes":""},"categories":[15],"tags":[],"class_list":["post-656","post","type-post","status-publish","format-standard","has-post-thumbnail","hentry","category-noticias"],"_links":{"self":[{"href":"https:\/\/ciudadanialegal.cl\/index.php?rest_route=\/wp\/v2\/posts\/656","targetHints":{"allow":["GET"]}}],"collection":[{"href":"https:\/\/ciudadanialegal.cl\/index.php?rest_route=\/wp\/v2\/posts"}],"about":[{"href":"https:\/\/ciudadanialegal.cl\/index.php?rest_route=\/wp\/v2\/types\/post"}],"author":[{"embeddable":true,"href":"https:\/\/ciudadanialegal.cl\/index.php?rest_route=\/wp\/v2\/users\/3"}],"replies":[{"embeddable":true,"href":"https:\/\/ciudadanialegal.cl\/index.php?rest_route=%2Fwp%2Fv2%2Fcomments&post=656"}],"version-history":[{"count":1,"href":"https:\/\/ciudadanialegal.cl\/index.php?rest_route=\/wp\/v2\/posts\/656\/revisions"}],"predecessor-version":[{"id":658,"href":"https:\/\/ciudadanialegal.cl\/index.php?rest_route=\/wp\/v2\/posts\/656\/revisions\/658"}],"wp:featuredmedia":[{"embeddable":true,"href":"https:\/\/ciudadanialegal.cl\/index.php?rest_route=\/wp\/v2\/media\/657"}],"wp:attachment":[{"href":"https:\/\/ciudadanialegal.cl\/index.php?rest_route=%2Fwp%2Fv2%2Fmedia&parent=656"}],"wp:term":[{"taxonomy":"category","embeddable":true,"href":"https:\/\/ciudadanialegal.cl\/index.php?rest_route=%2Fwp%2Fv2%2Fcategories&post=656"},{"taxonomy":"post_tag","embeddable":true,"href":"https:\/\/ciudadanialegal.cl\/index.php?rest_route=%2Fwp%2Fv2%2Ftags&post=656"}],"curies":[{"name":"wp","href":"https:\/\/api.w.org\/{rel}","templated":true}]}}