{"id":659,"date":"2024-02-13T18:01:39","date_gmt":"2024-02-13T21:01:39","guid":{"rendered":"http:\/\/ciudadanialegal.cl\/?p=659"},"modified":"2024-02-13T18:14:10","modified_gmt":"2024-02-13T21:14:10","slug":"columna-de-opinion-ley-de-conciliacion-de-la-vida-personal-familiar-y-laboral-un-riesgo-encubierto-para-las-mujeres","status":"publish","type":"post","link":"https:\/\/ciudadanialegal.cl\/?p=659","title":{"rendered":"Columna de opini\u00f3n: \u00abLey de Conciliaci\u00f3n de la vida personal, familiar y laboral. \u00bfUn riesgo encubierto para las mujeres?\u00bb"},"content":{"rendered":"<p>Te invitamos a leer la columna \u00abLey de Conciliaci\u00f3n de la vida personal, familiar y laboral. \u00bfUn riesgo encubierto para las mujeres?\u00bb de nuestra abogada asociada\u00a0Mar\u00eda Victoria Le\u00f3n, en la que explica la importancia y beneficios que trae para los trabajadores la implementaci\u00f3n de la Ley 21.645. Sin embargo, hace un hincapi\u00e9 importante en las medidas incorporadas a trav\u00e9s de la ley de conciliaci\u00f3n y su relaci\u00f3n con la promoci\u00f3n de la igualdad de oportunidades: \u00abPodr\u00eda aumentar la desigualdad entre hombres y mujeres en el marco de la relaci\u00f3n laboral\u00bb.<\/p>\n","protected":false},"excerpt":{"rendered":"<p>Te invitamos a leer la columna \u00abLey de Conciliaci\u00f3n de la vida personal, familiar y laboral. \u00bfUn riesgo encubierto para las mujeres?\u00bb de nuestra abogada asociada\u00a0Mar\u00eda Victoria Le\u00f3n, en la que explica la importancia y beneficios que trae para los trabajadores la implementaci\u00f3n de la Ley 21.645. Sin embargo, hace un hincapi\u00e9 importante en las [&hellip;]<\/p>\n","protected":false},"author":3,"featured_media":666,"comment_status":"closed","ping_status":"closed","sticky":false,"template":"","format":"standard","meta":{"_et_pb_use_builder":"","_et_pb_old_content":"","_et_gb_content_width":"","footnotes":""},"categories":[15],"tags":[],"class_list":["post-659","post","type-post","status-publish","format-standard","has-post-thumbnail","hentry","category-noticias"],"_links":{"self":[{"href":"https:\/\/ciudadanialegal.cl\/index.php?rest_route=\/wp\/v2\/posts\/659","targetHints":{"allow":["GET"]}}],"collection":[{"href":"https:\/\/ciudadanialegal.cl\/index.php?rest_route=\/wp\/v2\/posts"}],"about":[{"href":"https:\/\/ciudadanialegal.cl\/index.php?rest_route=\/wp\/v2\/types\/post"}],"author":[{"embeddable":true,"href":"https:\/\/ciudadanialegal.cl\/index.php?rest_route=\/wp\/v2\/users\/3"}],"replies":[{"embeddable":true,"href":"https:\/\/ciudadanialegal.cl\/index.php?rest_route=%2Fwp%2Fv2%2Fcomments&post=659"}],"version-history":[{"count":2,"href":"https:\/\/ciudadanialegal.cl\/index.php?rest_route=\/wp\/v2\/posts\/659\/revisions"}],"predecessor-version":[{"id":664,"href":"https:\/\/ciudadanialegal.cl\/index.php?rest_route=\/wp\/v2\/posts\/659\/revisions\/664"}],"wp:featuredmedia":[{"embeddable":true,"href":"https:\/\/ciudadanialegal.cl\/index.php?rest_route=\/wp\/v2\/media\/666"}],"wp:attachment":[{"href":"https:\/\/ciudadanialegal.cl\/index.php?rest_route=%2Fwp%2Fv2%2Fmedia&parent=659"}],"wp:term":[{"taxonomy":"category","embeddable":true,"href":"https:\/\/ciudadanialegal.cl\/index.php?rest_route=%2Fwp%2Fv2%2Fcategories&post=659"},{"taxonomy":"post_tag","embeddable":true,"href":"https:\/\/ciudadanialegal.cl\/index.php?rest_route=%2Fwp%2Fv2%2Ftags&post=659"}],"curies":[{"name":"wp","href":"https:\/\/api.w.org\/{rel}","templated":true}]}}