{"id":660,"date":"2024-02-13T18:03:26","date_gmt":"2024-02-13T21:03:26","guid":{"rendered":"http:\/\/ciudadanialegal.cl\/?p=660"},"modified":"2024-02-13T18:03:26","modified_gmt":"2024-02-13T21:03:26","slug":"carta-al-director-sebastian-pinera-i-reformas-laborales-que-no-olvidaremos","status":"publish","type":"post","link":"https:\/\/ciudadanialegal.cl\/?p=660","title":{"rendered":"Carta al director: \u00abSebasti\u00e1n Pi\u00f1era (I): reformas laborales que no olvidaremos\u00bb"},"content":{"rendered":"<p>En una carta al director publicada por\u00a0Diario Financiero, nuestra abogada\u00a0Yasna Maldonado Navarro\u00a0se\u00f1ala las reformas m\u00e1s relevantes en materia laboral bajo la administraci\u00f3n del fallecido ex presidente Sebasti\u00e1n Pi\u00f1era Echenique que buscaban la protecci\u00f3n de los derechos de trabajadores y trabajadoras, as\u00ed como tambi\u00e9n la protecci\u00f3n de la maternidad, paternidad y vida familia.<\/p>\n","protected":false},"excerpt":{"rendered":"<p>En una carta al director publicada por\u00a0Diario Financiero, nuestra abogada\u00a0Yasna Maldonado Navarro\u00a0se\u00f1ala las reformas m\u00e1s relevantes en materia laboral bajo la administraci\u00f3n del fallecido ex presidente Sebasti\u00e1n Pi\u00f1era Echenique que buscaban la protecci\u00f3n de los derechos de trabajadores y trabajadoras, as\u00ed como tambi\u00e9n la protecci\u00f3n de la maternidad, paternidad y vida familia.<\/p>\n","protected":false},"author":3,"featured_media":661,"comment_status":"closed","ping_status":"closed","sticky":false,"template":"","format":"standard","meta":{"_et_pb_use_builder":"","_et_pb_old_content":"","_et_gb_content_width":"","footnotes":""},"categories":[15],"tags":[],"class_list":["post-660","post","type-post","status-publish","format-standard","has-post-thumbnail","hentry","category-noticias"],"_links":{"self":[{"href":"https:\/\/ciudadanialegal.cl\/index.php?rest_route=\/wp\/v2\/posts\/660","targetHints":{"allow":["GET"]}}],"collection":[{"href":"https:\/\/ciudadanialegal.cl\/index.php?rest_route=\/wp\/v2\/posts"}],"about":[{"href":"https:\/\/ciudadanialegal.cl\/index.php?rest_route=\/wp\/v2\/types\/post"}],"author":[{"embeddable":true,"href":"https:\/\/ciudadanialegal.cl\/index.php?rest_route=\/wp\/v2\/users\/3"}],"replies":[{"embeddable":true,"href":"https:\/\/ciudadanialegal.cl\/index.php?rest_route=%2Fwp%2Fv2%2Fcomments&post=660"}],"version-history":[{"count":1,"href":"https:\/\/ciudadanialegal.cl\/index.php?rest_route=\/wp\/v2\/posts\/660\/revisions"}],"predecessor-version":[{"id":665,"href":"https:\/\/ciudadanialegal.cl\/index.php?rest_route=\/wp\/v2\/posts\/660\/revisions\/665"}],"wp:featuredmedia":[{"embeddable":true,"href":"https:\/\/ciudadanialegal.cl\/index.php?rest_route=\/wp\/v2\/media\/661"}],"wp:attachment":[{"href":"https:\/\/ciudadanialegal.cl\/index.php?rest_route=%2Fwp%2Fv2%2Fmedia&parent=660"}],"wp:term":[{"taxonomy":"category","embeddable":true,"href":"https:\/\/ciudadanialegal.cl\/index.php?rest_route=%2Fwp%2Fv2%2Fcategories&post=660"},{"taxonomy":"post_tag","embeddable":true,"href":"https:\/\/ciudadanialegal.cl\/index.php?rest_route=%2Fwp%2Fv2%2Ftags&post=660"}],"curies":[{"name":"wp","href":"https:\/\/api.w.org\/{rel}","templated":true}]}}