{"id":680,"date":"2024-03-12T09:48:54","date_gmt":"2024-03-12T12:48:54","guid":{"rendered":"http:\/\/ciudadanialegal.cl\/?p=680"},"modified":"2024-03-12T09:49:20","modified_gmt":"2024-03-12T12:49:20","slug":"carta-al-director-desafios-tras-la-modificacion-de-la-jornada-laboral","status":"publish","type":"post","link":"https:\/\/ciudadanialegal.cl\/?p=680","title":{"rendered":"Carta al director: \u00abDesaf\u00edos tras la modificaci\u00f3n de la jornada laboral\u00bb"},"content":{"rendered":"<p>En una carta al director publicada por diario\u00a0La Tercera, nuestra abogada\u00a0Mar\u00eda Victoria Le\u00f3n\u00a0se\u00f1ala la importancia y desaf\u00edos que contiene la Ley 21.561 que introduce importantes cambios para las personas trabajadoras de nuestro pa\u00eds, principalmente la reducci\u00f3n de la jornada laboral a 40 horas semanales. Al respecto, indica que: \u00abSi bien las medidas implementadas por esta ley son indiscutiblemente mejoras para los trabajadores, estas deben ser aplicadas de forma paulatina para que las empresas tengan el tiempo de adaptarse, as\u00ed como tambi\u00e9n deben ir acompa\u00f1adas de medidas para aumentar la eficiencia durante la nueva jornada laboral, como la automatizaci\u00f3n del trabajo, capacitaci\u00f3n a los trabajadores y efectuar gestiones para mejorar los tiempos de trabajo, lo que implica un esfuerzo conjunto entre trabajadores y empleadores\u00bb.<\/p>\n","protected":false},"excerpt":{"rendered":"<p>En una carta al director publicada por diario\u00a0La Tercera, nuestra abogada\u00a0Mar\u00eda Victoria Le\u00f3n\u00a0se\u00f1ala la importancia y desaf\u00edos que contiene la Ley 21.561 que introduce importantes cambios para las personas trabajadoras de nuestro pa\u00eds, principalmente la reducci\u00f3n de la jornada laboral a 40 horas semanales. Al respecto, indica que: \u00abSi bien las medidas implementadas por esta [&hellip;]<\/p>\n","protected":false},"author":3,"featured_media":681,"comment_status":"closed","ping_status":"closed","sticky":false,"template":"","format":"standard","meta":{"_et_pb_use_builder":"","_et_pb_old_content":"","_et_gb_content_width":"","footnotes":""},"categories":[15],"tags":[],"class_list":["post-680","post","type-post","status-publish","format-standard","has-post-thumbnail","hentry","category-noticias"],"_links":{"self":[{"href":"https:\/\/ciudadanialegal.cl\/index.php?rest_route=\/wp\/v2\/posts\/680","targetHints":{"allow":["GET"]}}],"collection":[{"href":"https:\/\/ciudadanialegal.cl\/index.php?rest_route=\/wp\/v2\/posts"}],"about":[{"href":"https:\/\/ciudadanialegal.cl\/index.php?rest_route=\/wp\/v2\/types\/post"}],"author":[{"embeddable":true,"href":"https:\/\/ciudadanialegal.cl\/index.php?rest_route=\/wp\/v2\/users\/3"}],"replies":[{"embeddable":true,"href":"https:\/\/ciudadanialegal.cl\/index.php?rest_route=%2Fwp%2Fv2%2Fcomments&post=680"}],"version-history":[{"count":2,"href":"https:\/\/ciudadanialegal.cl\/index.php?rest_route=\/wp\/v2\/posts\/680\/revisions"}],"predecessor-version":[{"id":683,"href":"https:\/\/ciudadanialegal.cl\/index.php?rest_route=\/wp\/v2\/posts\/680\/revisions\/683"}],"wp:featuredmedia":[{"embeddable":true,"href":"https:\/\/ciudadanialegal.cl\/index.php?rest_route=\/wp\/v2\/media\/681"}],"wp:attachment":[{"href":"https:\/\/ciudadanialegal.cl\/index.php?rest_route=%2Fwp%2Fv2%2Fmedia&parent=680"}],"wp:term":[{"taxonomy":"category","embeddable":true,"href":"https:\/\/ciudadanialegal.cl\/index.php?rest_route=%2Fwp%2Fv2%2Fcategories&post=680"},{"taxonomy":"post_tag","embeddable":true,"href":"https:\/\/ciudadanialegal.cl\/index.php?rest_route=%2Fwp%2Fv2%2Ftags&post=680"}],"curies":[{"name":"wp","href":"https:\/\/api.w.org\/{rel}","templated":true}]}}